{"id":651,"date":"2026-04-30T10:38:09","date_gmt":"2026-04-30T13:38:09","guid":{"rendered":"https:\/\/itsv.edu.ar\/nitsv\/?p=651"},"modified":"2026-04-30T10:38:09","modified_gmt":"2026-04-30T13:38:09","slug":"felicitaciones-gonzalo","status":"publish","type":"post","link":"https:\/\/itsv.edu.ar\/nitsv\/2026\/04\/30\/felicitaciones-gonzalo\/","title":{"rendered":"\u00a1Felicitaciones, Gonzalo!"},"content":{"rendered":"\n<p>El Instituto T\u00e9cnico Salesiano Villada comunica a toda su comunidad educativa que el Profesor Gonzalo Dalto ha sido designado como Vicedirector del Primer Ciclo, por decisi\u00f3n del Padre Inspector, P. Horacio Barbieri.<\/p>\n\n\n\n<p>Asimismo, se felicita a Pablo Canepa, quien asume el rol de Vicedirector del Segundo Ciclo, integr\u00e1ndose al equipo directivo en esta nueva etapa institucional.<\/p>\n\n\n\n<p>Ambas designaciones son el resultado de un proceso de discernimiento institucional y pastoral, en el que se han valorado especialmente sus capacidades profesionales, su compromiso con la educaci\u00f3n y su identificaci\u00f3n con el carisma salesiano.<\/p>\n\n\n\n<p>Desde la instituci\u00f3n expresan su confianza en que asumir\u00e1n estos roles con responsabilidad, cercan\u00eda y esp\u00edritu de servicio, acompa\u00f1ando a estudiantes y docentes en el camino de formaci\u00f3n integral que caracteriza al ITS Villada.<\/p>\n\n\n\n<p>Finalmente, se invita a toda la comunidad a acompa\u00f1ar esta nueva etapa con esp\u00edritu de familia, renovando el compromiso con la misi\u00f3n educativa inspirada en Don Bosco.<\/p>\n","protected":false},"excerpt":{"rendered":"<p>El Instituto T\u00e9cnico Salesiano Villada comunica a toda su comunidad educativa que el Profesor Gonzalo Dalto ha sido designado como Vicedirector del Primer Ciclo, por decisi\u00f3n del Padre Inspector, P. Horacio Barbieri. Asimismo, se felicita a Pablo Canepa, quien asume el rol de Vicedirector del Segundo Ciclo, integr\u00e1ndose al equipo directivo en esta nueva etapa [&hellip;]<\/p>\n","protected":false},"author":2,"featured_media":652,"comment_status":"closed","ping_status":"closed","sticky":false,"template":"","format":"standard","meta":{"pagelayer_contact_templates":[],"_pagelayer_content":"","footnotes":""},"categories":[10],"tags":[],"class_list":["post-651","post","type-post","status-publish","format-standard","has-post-thumbnail","hentry","category-novedades"],"_links":{"self":[{"href":"https:\/\/itsv.edu.ar\/nitsv\/wp-json\/wp\/v2\/posts\/651","targetHints":{"allow":["GET"]}}],"collection":[{"href":"https:\/\/itsv.edu.ar\/nitsv\/wp-json\/wp\/v2\/posts"}],"about":[{"href":"https:\/\/itsv.edu.ar\/nitsv\/wp-json\/wp\/v2\/types\/post"}],"author":[{"embeddable":true,"href":"https:\/\/itsv.edu.ar\/nitsv\/wp-json\/wp\/v2\/users\/2"}],"replies":[{"embeddable":true,"href":"https:\/\/itsv.edu.ar\/nitsv\/wp-json\/wp\/v2\/comments?post=651"}],"version-history":[{"count":1,"href":"https:\/\/itsv.edu.ar\/nitsv\/wp-json\/wp\/v2\/posts\/651\/revisions"}],"predecessor-version":[{"id":653,"href":"https:\/\/itsv.edu.ar\/nitsv\/wp-json\/wp\/v2\/posts\/651\/revisions\/653"}],"wp:featuredmedia":[{"embeddable":true,"href":"https:\/\/itsv.edu.ar\/nitsv\/wp-json\/wp\/v2\/media\/652"}],"wp:attachment":[{"href":"https:\/\/itsv.edu.ar\/nitsv\/wp-json\/wp\/v2\/media?parent=651"}],"wp:term":[{"taxonomy":"category","embeddable":true,"href":"https:\/\/itsv.edu.ar\/nitsv\/wp-json\/wp\/v2\/categories?post=651"},{"taxonomy":"post_tag","embeddable":true,"href":"https:\/\/itsv.edu.ar\/nitsv\/wp-json\/wp\/v2\/tags?post=651"}],"curies":[{"name":"wp","href":"https:\/\/api.w.org\/{rel}","templated":true}]}}